{"@context":"https:\/\/schema.org\/","@type":"CollectionPage","@id":"https:\/\/www.elpatibulo.es\/viaje\/#CollectionPage","headline":"Viaje Category","description":"","url":"https:\/\/www.elpatibulo.es\/viaje\/","hasPart":[{"@type":"Article","@id":"https:\/\/www.elpatibulo.es\/experiencias\/","headline":"Experiencias","url":"https:\/\/www.elpatibulo.es\/experiencias\/","datePublished":"2023-10-09","dateModified":"2023-10-09","mainEntityOfPage":"https:\/\/www.elpatibulo.es\/experiencias\/","author":{"@type":"Person","@id":"https:\/\/www.elpatibulo.es\/author\/#Person","name":"","url":"https:\/\/www.elpatibulo.es\/author\/","identifier":1,"image":{"@type":"ImageObject","@id":"https:\/\/secure.gravatar.com\/avatar\/b284045843c408c62f17f24f06fc21877cb3f3f5d67c24728f73b54e3c5ca1db?s=96&d=mm&r=g","url":"https:\/\/secure.gravatar.com\/avatar\/b284045843c408c62f17f24f06fc21877cb3f3f5d67c24728f73b54e3c5ca1db?s=96&d=mm&r=g","height":96,"width":96}},"publisher":{"@type":"Organization","name":"elpatibulo.es","logo":{"@type":"ImageObject","@id":"\/logo.png","url":"\/logo.png","width":600,"height":60}},"image":{"@type":"ImageObject","@id":"https:\/\/www.elpatibulo.es\/wp-content\/uploads\/landscape-4473486_640.jpg","url":"https:\/\/www.elpatibulo.es\/wp-content\/uploads\/landscape-4473486_640.jpg","height":0,"width":0},"keywords":null},{"@type":"Article","@id":"https:\/\/www.elpatibulo.es\/nuestra-senora-de-la-pena-y-alrededores\/","headline":"Nuestra Se\u00f1ora de la Pe\u00f1a y alrededores","url":"https:\/\/www.elpatibulo.es\/nuestra-senora-de-la-pena-y-alrededores\/","datePublished":"2023-08-25","dateModified":"2023-08-25","mainEntityOfPage":"https:\/\/www.elpatibulo.es\/nuestra-senora-de-la-pena-y-alrededores\/","author":{"@type":"Person","@id":"https:\/\/www.elpatibulo.es\/author\/#Person","name":"","url":"https:\/\/www.elpatibulo.es\/author\/","identifier":1,"image":{"@type":"ImageObject","@id":"https:\/\/secure.gravatar.com\/avatar\/b284045843c408c62f17f24f06fc21877cb3f3f5d67c24728f73b54e3c5ca1db?s=96&d=mm&r=g","url":"https:\/\/secure.gravatar.com\/avatar\/b284045843c408c62f17f24f06fc21877cb3f3f5d67c24728f73b54e3c5ca1db?s=96&d=mm&r=g","height":96,"width":96}},"publisher":{"@type":"Organization","name":"elpatibulo.es","logo":{"@type":"ImageObject","@id":"\/logo.png","url":"\/logo.png","width":600,"height":60}},"image":{"@type":"ImageObject","@id":"https:\/\/www.elpatibulo.es\/wp-content\/uploads\/trees-3294681_640_3.jpg","url":"https:\/\/www.elpatibulo.es\/wp-content\/uploads\/trees-3294681_640_3.jpg","height":0,"width":0},"keywords":null},{"@type":"Article","@id":"https:\/\/www.elpatibulo.es\/na-dovolenou-do-minulosti\/","headline":"Na dovolenou do minulosti","url":"https:\/\/www.elpatibulo.es\/na-dovolenou-do-minulosti\/","datePublished":"2023-07-30","dateModified":"2023-07-30","mainEntityOfPage":"https:\/\/www.elpatibulo.es\/na-dovolenou-do-minulosti\/","author":{"@type":"Person","@id":"https:\/\/www.elpatibulo.es\/author\/#Person","name":"","url":"https:\/\/www.elpatibulo.es\/author\/","identifier":1,"image":{"@type":"ImageObject","@id":"https:\/\/secure.gravatar.com\/avatar\/b284045843c408c62f17f24f06fc21877cb3f3f5d67c24728f73b54e3c5ca1db?s=96&d=mm&r=g","url":"https:\/\/secure.gravatar.com\/avatar\/b284045843c408c62f17f24f06fc21877cb3f3f5d67c24728f73b54e3c5ca1db?s=96&d=mm&r=g","height":96,"width":96}},"publisher":{"@type":"Organization","name":"elpatibulo.es","logo":{"@type":"ImageObject","@id":"\/logo.png","url":"\/logo.png","width":600,"height":60}},"image":{"@type":"ImageObject","@id":"https:\/\/www.elpatibulo.es\/wp-content\/uploads\/d_9.jpg","url":"https:\/\/www.elpatibulo.es\/wp-content\/uploads\/d_9.jpg","height":0,"width":0},"keywords":null},{"@type":"Article","@id":"https:\/\/www.elpatibulo.es\/donde-descansa-cristobal-colonandalucia\/","headline":"Donde descansa Crist\u00f3bal Col\u00f3nAndaluc\u00eda","url":"https:\/\/www.elpatibulo.es\/donde-descansa-cristobal-colonandalucia\/","datePublished":"2023-07-22","dateModified":"2023-07-22","mainEntityOfPage":"https:\/\/www.elpatibulo.es\/donde-descansa-cristobal-colonandalucia\/","author":{"@type":"Person","@id":"https:\/\/www.elpatibulo.es\/author\/#Person","name":"","url":"https:\/\/www.elpatibulo.es\/author\/","identifier":1,"image":{"@type":"ImageObject","@id":"https:\/\/secure.gravatar.com\/avatar\/b284045843c408c62f17f24f06fc21877cb3f3f5d67c24728f73b54e3c5ca1db?s=96&d=mm&r=g","url":"https:\/\/secure.gravatar.com\/avatar\/b284045843c408c62f17f24f06fc21877cb3f3f5d67c24728f73b54e3c5ca1db?s=96&d=mm&r=g","height":96,"width":96}},"publisher":{"@type":"Organization","name":"elpatibulo.es","logo":{"@type":"ImageObject","@id":"\/logo.png","url":"\/logo.png","width":600,"height":60}},"image":{"@type":"ImageObject","@id":"https:\/\/www.elpatibulo.es\/wp-content\/uploads\/img_a312264_w2005_t1523266426.jpg_1..jpg","url":"https:\/\/www.elpatibulo.es\/wp-content\/uploads\/img_a312264_w2005_t1523266426.jpg_1..jpg","height":0,"width":0},"keywords":null},{"@type":"Article","@id":"https:\/\/www.elpatibulo.es\/estonia\/","headline":"Estonia","url":"https:\/\/www.elpatibulo.es\/estonia\/","datePublished":"2023-06-10","dateModified":"2023-06-10","mainEntityOfPage":"https:\/\/www.elpatibulo.es\/estonia\/","author":{"@type":"Person","@id":"https:\/\/www.elpatibulo.es\/author\/#Person","name":"","url":"https:\/\/www.elpatibulo.es\/author\/","identifier":1,"image":{"@type":"ImageObject","@id":"https:\/\/secure.gravatar.com\/avatar\/b284045843c408c62f17f24f06fc21877cb3f3f5d67c24728f73b54e3c5ca1db?s=96&d=mm&r=g","url":"https:\/\/secure.gravatar.com\/avatar\/b284045843c408c62f17f24f06fc21877cb3f3f5d67c24728f73b54e3c5ca1db?s=96&d=mm&r=g","height":96,"width":96}},"publisher":{"@type":"Organization","name":"elpatibulo.es","logo":{"@type":"ImageObject","@id":"\/logo.png","url":"\/logo.png","width":600,"height":60}},"image":{"@type":"ImageObject","@id":"https:\/\/www.elpatibulo.es\/wp-content\/uploads\/estonia-3729912_1280.jpg_1..jpg","url":"https:\/\/www.elpatibulo.es\/wp-content\/uploads\/estonia-3729912_1280.jpg_1..jpg","height":0,"width":0},"keywords":null},{"@type":"Article","@id":"https:\/\/www.elpatibulo.es\/recuerdos-de-viajes\/","headline":"Recuerdos de viajes","url":"https:\/\/www.elpatibulo.es\/recuerdos-de-viajes\/","datePublished":"2023-03-09","dateModified":"2023-03-09","mainEntityOfPage":"https:\/\/www.elpatibulo.es\/recuerdos-de-viajes\/","author":{"@type":"Person","@id":"https:\/\/www.elpatibulo.es\/author\/#Person","name":"","url":"https:\/\/www.elpatibulo.es\/author\/","identifier":1,"image":{"@type":"ImageObject","@id":"https:\/\/secure.gravatar.com\/avatar\/b284045843c408c62f17f24f06fc21877cb3f3f5d67c24728f73b54e3c5ca1db?s=96&d=mm&r=g","url":"https:\/\/secure.gravatar.com\/avatar\/b284045843c408c62f17f24f06fc21877cb3f3f5d67c24728f73b54e3c5ca1db?s=96&d=mm&r=g","height":96,"width":96}},"publisher":{"@type":"Organization","name":"elpatibulo.es","logo":{"@type":"ImageObject","@id":"\/logo.png","url":"\/logo.png","width":600,"height":60}},"image":{"@type":"ImageObject","@id":"https:\/\/www.elpatibulo.es\/wp-content\/uploads\/winter-2438791_960_720.jpg","url":"https:\/\/www.elpatibulo.es\/wp-content\/uploads\/winter-2438791_960_720.jpg","height":0,"width":0},"keywords":null},{"@type":"Article","@id":"https:\/\/www.elpatibulo.es\/vacaciones-en-campingdormir\/","headline":"Vacaciones en campingDormir","url":"https:\/\/www.elpatibulo.es\/vacaciones-en-campingdormir\/","datePublished":"2022-11-14","dateModified":"2022-11-14","mainEntityOfPage":"https:\/\/www.elpatibulo.es\/vacaciones-en-campingdormir\/","author":{"@type":"Person","@id":"https:\/\/www.elpatibulo.es\/author\/#Person","name":"","url":"https:\/\/www.elpatibulo.es\/author\/","identifier":1,"image":{"@type":"ImageObject","@id":"https:\/\/secure.gravatar.com\/avatar\/b284045843c408c62f17f24f06fc21877cb3f3f5d67c24728f73b54e3c5ca1db?s=96&d=mm&r=g","url":"https:\/\/secure.gravatar.com\/avatar\/b284045843c408c62f17f24f06fc21877cb3f3f5d67c24728f73b54e3c5ca1db?s=96&d=mm&r=g","height":96,"width":96}},"publisher":{"@type":"Organization","name":"elpatibulo.es","logo":{"@type":"ImageObject","@id":"\/logo.png","url":"\/logo.png","width":600,"height":60}},"image":{"@type":"ImageObject","@id":"https:\/\/www.elpatibulo.es\/wp-content\/uploads\/img_a310410_w1711_t1521324024.jpg_1..jpg","url":"https:\/\/www.elpatibulo.es\/wp-content\/uploads\/img_a310410_w1711_t1521324024.jpg_1..jpg","height":0,"width":0},"keywords":null},{"@type":"Article","@id":"https:\/\/www.elpatibulo.es\/viaje-por-carretera-cosas-que-debes-saber-antes-de-salir\/","headline":"Viaje por carretera. Cosas que debes saber antes de salir","url":"https:\/\/www.elpatibulo.es\/viaje-por-carretera-cosas-que-debes-saber-antes-de-salir\/","datePublished":"2022-08-31","dateModified":"2022-08-31","mainEntityOfPage":"https:\/\/www.elpatibulo.es\/viaje-por-carretera-cosas-que-debes-saber-antes-de-salir\/","author":{"@type":"Person","@id":"https:\/\/www.elpatibulo.es\/author\/#Person","name":"","url":"https:\/\/www.elpatibulo.es\/author\/","identifier":1,"image":{"@type":"ImageObject","@id":"https:\/\/secure.gravatar.com\/avatar\/b284045843c408c62f17f24f06fc21877cb3f3f5d67c24728f73b54e3c5ca1db?s=96&d=mm&r=g","url":"https:\/\/secure.gravatar.com\/avatar\/b284045843c408c62f17f24f06fc21877cb3f3f5d67c24728f73b54e3c5ca1db?s=96&d=mm&r=g","height":96,"width":96}},"publisher":{"@type":"Organization","name":"elpatibulo.es","logo":{"@type":"ImageObject","@id":"\/logo.png","url":"\/logo.png","width":600,"height":60}},"image":{"@type":"ImageObject","@id":"https:\/\/www.elpatibulo.es\/wp-content\/uploads\/vw-camper-1939343_960_720.jpg_1..jpg","url":"https:\/\/www.elpatibulo.es\/wp-content\/uploads\/vw-camper-1939343_960_720.jpg_1..jpg","height":0,"width":0},"keywords":null},{"@type":"Article","@id":"https:\/\/www.elpatibulo.es\/uzivejte-si-cestovani\/","headline":"u\u017e\u00edvejte si cestov\u00e1n\u00ed","url":"https:\/\/www.elpatibulo.es\/uzivejte-si-cestovani\/","datePublished":"2022-04-22","dateModified":"2022-04-22","mainEntityOfPage":"https:\/\/www.elpatibulo.es\/uzivejte-si-cestovani\/","author":{"@type":"Person","@id":"https:\/\/www.elpatibulo.es\/author\/#Person","name":"","url":"https:\/\/www.elpatibulo.es\/author\/","identifier":1,"image":{"@type":"ImageObject","@id":"https:\/\/secure.gravatar.com\/avatar\/b284045843c408c62f17f24f06fc21877cb3f3f5d67c24728f73b54e3c5ca1db?s=96&d=mm&r=g","url":"https:\/\/secure.gravatar.com\/avatar\/b284045843c408c62f17f24f06fc21877cb3f3f5d67c24728f73b54e3c5ca1db?s=96&d=mm&r=g","height":96,"width":96}},"publisher":{"@type":"Organization","name":"elpatibulo.es","logo":{"@type":"ImageObject","@id":"\/logo.png","url":"\/logo.png","width":600,"height":60}},"image":{"@type":"ImageObject","@id":"https:\/\/www.elpatibulo.es\/wp-content\/uploads\/globe-trotter-1828079_960_720_1.jpg","url":"https:\/\/www.elpatibulo.es\/wp-content\/uploads\/globe-trotter-1828079_960_720_1.jpg","height":0,"width":0},"keywords":null},{"@type":"Article","@id":"https:\/\/www.elpatibulo.es\/viaje-segun-sus-preferencias\/","headline":"Viaje seg\u00fan sus preferencias","url":"https:\/\/www.elpatibulo.es\/viaje-segun-sus-preferencias\/","datePublished":"2022-03-22","dateModified":"2022-03-22","mainEntityOfPage":"https:\/\/www.elpatibulo.es\/viaje-segun-sus-preferencias\/","author":{"@type":"Person","@id":"https:\/\/www.elpatibulo.es\/author\/#Person","name":"","url":"https:\/\/www.elpatibulo.es\/author\/","identifier":1,"image":{"@type":"ImageObject","@id":"https:\/\/secure.gravatar.com\/avatar\/b284045843c408c62f17f24f06fc21877cb3f3f5d67c24728f73b54e3c5ca1db?s=96&d=mm&r=g","url":"https:\/\/secure.gravatar.com\/avatar\/b284045843c408c62f17f24f06fc21877cb3f3f5d67c24728f73b54e3c5ca1db?s=96&d=mm&r=g","height":96,"width":96}},"publisher":{"@type":"Organization","name":"elpatibulo.es","logo":{"@type":"ImageObject","@id":"\/logo.png","url":"\/logo.png","width":600,"height":60}},"image":{"@type":"ImageObject","@id":"https:\/\/www.elpatibulo.es\/wp-content\/uploads\/globe-trotter-1828079_640_1.jpg","url":"https:\/\/www.elpatibulo.es\/wp-content\/uploads\/globe-trotter-1828079_640_1.jpg","height":0,"width":0},"keywords":null}]}